{"id":1002,"date":"2025-06-03T20:16:46","date_gmt":"2025-06-03T18:16:46","guid":{"rendered":"https:\/\/lepap.eu\/?p=1002"},"modified":"2025-06-03T20:16:46","modified_gmt":"2025-06-03T18:16:46","slug":"deces-du-pape-francois-consequences-et-perspectives-pour-leglise-catholique","status":"publish","type":"post","link":"https:\/\/lepap.eu\/?p=1002","title":{"rendered":"D\u00e9c\u00e8s du Pape Fran\u00e7ois : Cons\u00e9quences et Perspectives pour l\u2019\u00c9glise Catholique\u00a0"},"content":{"rendered":"\n<h4 class=\"wp-block-heading\"><mark style=\"background-color:rgba(0, 0, 0, 0)\" class=\"has-inline-color has-black-color\">Le d\u00e9c\u00e8s du pape Fran\u00e7ois marque un tournant historique pour l\u2019\u00c9glise catholique. Premier souverain pontife d\u2019Am\u00e9rique latine, Jorge Mario Bergoglio, \u00e9lu en 2013, s\u2019est \u00e9teint lundi 21 avril \u00e0 l\u2019\u00e2ge de 88 ans. Son pontificat, riche en r\u00e9formes et en gestes symboliques, laisse une empreinte profonde dans l\u2019histoire religieuse contemporaine. Que se passe-t-il d\u00e9sormais pour le Vatican ? Qui pourrait lui succ\u00e9der ? Explorons les \u00e9tapes cl\u00e9s de cette transition papale et les figures pressenties pour diriger l\u2019\u00c9glise dans les ann\u00e9es \u00e0 venir.&nbsp;<\/mark><\/h4>\n\n\n\n<h5 class=\"wp-block-heading\"><strong><mark style=\"background-color:rgba(0, 0, 0, 0)\" class=\"has-inline-color has-luminous-vivid-orange-color\">\u00ab\u00a0Sede Vacante\u00a0\u00bb : Un Si\u00e8ge Apostolique Temporairement Vacant&nbsp;<\/mark><\/strong><\/h5>\n\n\n\n<p>\u00c0 la suite du d\u00e9c\u00e8s du pape, le Saint-Si\u00e8ge entre dans une phase de transition appel\u00e9e <em>Sede Vacante <\/em>\u2013 expression latine signifiant \u00ab si\u00e8ge vacant \u00bb. Durant cette p\u00e9riode, aucun pape n\u2019est en fonction, et les responsabilit\u00e9s pontificales sont limit\u00e9es \u00e0 l\u2019administration courante.&nbsp;<\/p>\n\n\n\n<p>C\u2019est le cardinal cam\u00e9rier, actuellement Kevin Joseph Farrell, qui assure la gestion du Vatican. Il supervise les affaires urgentes, sans toutefois avoir le pouvoir de modifier les orientations doctrinales ou d\u2019initier de grandes r\u00e9formes. L\u2019ensemble des activit\u00e9s est strictement encadr\u00e9 jusqu\u2019\u00e0 l\u2019\u00e9lection d\u2019un nouveau successeur de Pierre.&nbsp;<\/p>\n\n\n\n<h5 class=\"wp-block-heading\"><strong><mark style=\"background-color:rgba(0, 0, 0, 0)\" class=\"has-inline-color has-luminous-vivid-orange-color\">Le Conclave : M\u00e9canisme Sacr\u00e9 de l\u2019\u00c9lection Papale<\/mark>&nbsp;<\/strong><\/h5>\n\n\n\n<p>Le choix du nouveau pape repose entre les mains du <em>Coll\u00e8ge des cardinaux \u00e9lecteurs <\/em>\u2013 soit les cardinaux de moins de 80 ans. Ces derniers se r\u00e9unissent \u00e0 huis clos au sein de la Chapelle Sixtine, dans ce qu\u2019on appelle le <em>Conclave<\/em>.<\/p>\n\n\n\n<p>Les votes sont organis\u00e9s plusieurs fois par jour, jusqu\u2019\u00e0 ce qu\u2019un candidat obtienne la majorit\u00e9 des deux tiers. Lorsqu\u2019un vote reste sans issue, une fum\u00e9e noire s\u2019\u00e9chappe des chemin\u00e9es du Vatican. En revanche, une fum\u00e9e blanche annonce l\u2019\u00e9lection d\u2019un nouveau pape, signe de la conclusion du scrutin. Selon des sources vaticanes, le prochain conclave d\u00e9butera le 7 mai. \u00c0 titre d\u2019exemple, les deux derniers conclaves avaient dur\u00e9 \u00e0 peine deux jours.&nbsp;<\/p>\n\n\n\n<p><strong><mark style=\"background-color:rgba(0, 0, 0, 0)\" class=\"has-inline-color has-black-color\">Choisir un Nouveau Cap pour l\u2019\u00c9glise Catholique&nbsp;<\/mark><\/strong><\/p>\n\n\n\n<p>La d\u00e9signation du nouveau chef de l\u2019\u00c9glise ne se limite pas \u00e0 une simple formalit\u00e9 religieuse ; elle influence la direction spirituelle, \u00e9thique et sociale du catholicisme mondial. Le futur pape devra choisir entre continuer l\u2019ouverture engag\u00e9e sous Fran\u00e7ois ou adopter une posture plus conservatrice.&nbsp;<\/p>\n\n\n\n<p>Parmi les <em>papabili <\/em>(candidats potentiels), plusieurs cardinaux se distinguent par leurs visions contrast\u00e9es :&nbsp;<\/p>\n\n\n\n<h5 class=\"wp-block-heading\"><strong><mark style=\"background-color:rgba(0, 0, 0, 0)\" class=\"has-inline-color has-luminous-vivid-orange-color\">Cardinal Matteo Zuppi (Italie) : La Voie de la Continuit\u00e9&nbsp;<\/mark><\/strong><\/h5>\n\n\n\n<p>Archev\u00eaque de Bologne, Matteo Zuppi est consid\u00e9r\u00e9 comme un proche du pape Fran\u00e7ois. Engag\u00e9 pour la paix, le dialogue interreligieux et les droits des migrants, il incarne une \u00c9glise ouverte, humaniste et sensible aux d\u00e9fis sociaux contemporains.&nbsp;<\/p>\n\n\n\n<h5 class=\"wp-block-heading\"><strong><mark style=\"background-color:rgba(0, 0, 0, 0)\" class=\"has-inline-color has-luminous-vivid-orange-color\">Cardinal P\u00e9ter Erd\u0151 (Hongrie) : Le D\u00e9fenseur de l\u2019Orthodoxie Catholique&nbsp;<\/mark><\/strong><\/h5>\n\n\n\n<p>Plus conservateur, le cardinal hongrois P\u00e9ter Erd\u0151 milite pour une fid\u00e9lit\u00e9 stricte \u00e0 la doctrine traditionnelle. Son \u00e9lection pourrait marquer un retour aux fondamentaux de la morale catholique, notamment en mati\u00e8re de famille, de bio\u00e9thique et de liturgie.&nbsp;<\/p>\n\n\n\n<h5 class=\"wp-block-heading\"><strong><mark style=\"background-color:rgba(0, 0, 0, 0)\" class=\"has-inline-color has-luminous-vivid-orange-color\">Cardinal Jean-Marc Aveline (France) : Une \u00c9glise Engag\u00e9e et Inclusive&nbsp;<\/mark><\/strong><\/h5>\n\n\n\n<p>Archev\u00eaque de Marseille, Jean-Marc Aveline se distingue par son engagement envers les migrants et le dialogue interreligieux, en particulier avec le monde musulman. Une figure moderne et sociale, en phase avec les r\u00e9alit\u00e9s multiculturelles de l\u2019\u00c9glise en Europe.&nbsp;<\/p>\n\n\n\n<h5 class=\"wp-block-heading\"><strong><mark style=\"background-color:rgba(0, 0, 0, 0)\" class=\"has-inline-color has-luminous-vivid-orange-color\">Cardinal Luis Antonio Tagle (Philippines) : Une \u00c9glise Jeune et Humble<\/mark><\/strong><\/h5>\n\n\n\n<p>Originaire d\u2019Asie, le cardinal Tagle est per\u00e7u comme le successeur spirituel du pape Fran\u00e7ois. Il d\u00e9fend une \u00c9glise modeste, proche des pauvres, attentive aux d\u00e9fis du continent asiatique \u2013 une r\u00e9gion en forte croissance catholique.&nbsp;<\/p>\n\n\n\n<h5 class=\"wp-block-heading\"><strong><mark style=\"background-color:rgba(0, 0, 0, 0)\" class=\"has-inline-color has-luminous-vivid-orange-color\">Cardinal Fridolin Ambongo Besungu (RDC) : Voix de l\u2019Afrique et de la Justice&nbsp;<\/mark><\/strong><\/h5>\n\n\n\n<p>Originaire de la R\u00e9publique d\u00e9mocratique du Congo, ce cardinal est une figure centrale de l\u2019\u00c9glise africaine. Il milite pour la justice sociale, la d\u00e9fense des droits humains et la protection de l\u2019environnement. Son \u00e9lection repr\u00e9senterait une reconnaissance des enjeux du Sud global dans le destin de l\u2019\u00c9glise.&nbsp;<\/p>\n\n\n\n<h5 class=\"wp-block-heading\"><strong><mark style=\"background-color:rgba(0, 0, 0, 0)\" class=\"has-inline-color has-luminous-vivid-orange-color\">Entre Tradition et R\u00e9forme : Quelle Orientation pour l\u2019\u00c9glise catholique de Demain ?<\/mark>&nbsp;<\/strong><\/h5>\n\n\n\n<p>L\u2019\u00e9lection du prochain souverain pontife symboliserait le cap que souhaitent donner les cardinaux \u00e0 l\u2019institution catholique. Deux courants s\u2019affrontent :&nbsp;<\/p>\n\n\n\n<p><strong>La modernisation <\/strong>: Poursuivre les r\u00e9formes de Fran\u00e7ois, ouvrir l\u2019\u00c9glise \u00e0 une diversit\u00e9 de cultures et de r\u00e9alit\u00e9s sociales, d\u00e9fendre l\u2019\u00e9cologie int\u00e9grale, les droits humains et la lutte contre les in\u00e9galit\u00e9s.&nbsp;<\/p>\n\n\n\n<p><strong>La tradition <\/strong>: R\u00e9affirmer la doctrine immuable, renforcer l\u2019identit\u00e9 catholique face aux \u00e9volutions soci\u00e9tales jug\u00e9es mena\u00e7antes, revenir \u00e0 une liturgie plus stricte.&nbsp;<\/p>\n\n\n\n<p>Cette d\u00e9cision influencera profond\u00e9ment les prochaines d\u00e9cennies, tant sur le plan religieux que g\u00e9opolitique. Le successeur de Fran\u00e7ois devra faire face \u00e0 des d\u00e9fis majeurs : crise des vocations, abus sexuels dans l\u2019\u00c9glise, changement climatique, tensions religieuses, et fracture Nord-Sud.&nbsp;<\/p>\n\n\n\n<h5 class=\"wp-block-heading\"><strong><mark style=\"background-color:rgba(0, 0, 0, 0)\" class=\"has-inline-color has-luminous-vivid-orange-color\">Un Moment Historique pour le Catholicisme Mondial&nbsp;<\/mark><\/strong><\/h5>\n\n\n\n<p>Le d\u00e9c\u00e8s du pape Fran\u00e7ois marque la fin d\u2019un chapitre singulier de l\u2019histoire de l\u2019\u00c9glise catholique. Son h\u00e9ritage progressiste laisse une empreinte durable, mais c\u2019est d\u00e9sormais \u00e0 son successeur de tracer la route.&nbsp;<\/p>\n\n\n\n<p>Qu\u2019il s\u2019agisse de Zuppi, Erd\u0151, Aveline, Tagle ou Ambongo, chacun porte une vision du monde et de la foi. Le choix des cardinaux, lors du conclave de mai, d\u00e9voilera l\u2019\u00e2me profonde de l\u2019\u00c9glise : fid\u00e8le \u00e0 ses racines ou r\u00e9solument tourn\u00e9e vers l\u2019avenir.<\/p>\n\n\n\n<h4 class=\"wp-block-heading\"><strong>Y<mark style=\"background-color:rgba(0, 0, 0, 0)\" class=\"has-inline-color has-luminous-vivid-orange-color\">.<\/mark>R<mark style=\"background-color:rgba(0, 0, 0, 0)\" class=\"has-inline-color has-luminous-vivid-orange-color\">.<\/mark><\/strong><\/h4>\n\n\n\n<h4 class=\"wp-block-heading\">Sources :&nbsp;<\/h4>\n\n\n\n<p>Vatican News <a href=\"https:\/\/www.vaticannews.va\/fr.html\">https:\/\/www.vaticannews.va\/fr.html<\/a><\/p>\n\n\n\n<p>Le monde <a href=\"https:\/\/www.lemonde.fr\/disparitions\/article\/2025\/04\/21\/le-pape-francois-est-mort_6598504_3382.html\">https:\/\/www.lemonde.fr\/disparitions\/article\/2025\/04\/21\/le-pape-francois-est-mort_6598504_3382.html<\/a><\/p>\n\n\n\n<p>France info <a href=\"https:\/\/www.francetvinfo.fr\/monde\/vatican\/pape-francois\/\">https:\/\/www.francetvinfo.fr\/monde\/vatican\/pape-francois\/<\/a><\/p>\n","protected":false},"excerpt":{"rendered":"<p>Le d\u00e9c\u00e8s du pape Fran\u00e7ois marque un tournant historique pour l\u2019\u00c9glise catholique. Premier souverain pontife d\u2019Am\u00e9rique latine, Jorge Mario Bergoglio,<\/p>\n","protected":false},"author":1,"featured_media":1051,"comment_status":"open","ping_status":"open","sticky":false,"template":"","format":"standard","meta":{"footnotes":""},"categories":[11],"tags":[],"class_list":["post-1002","post","type-post","status-publish","format-standard","has-post-thumbnail","hentry","category-international"],"views":684,"_links":{"self":[{"href":"https:\/\/lepap.eu\/index.php?rest_route=\/wp\/v2\/posts\/1002","targetHints":{"allow":["GET"]}}],"collection":[{"href":"https:\/\/lepap.eu\/index.php?rest_route=\/wp\/v2\/posts"}],"about":[{"href":"https:\/\/lepap.eu\/index.php?rest_route=\/wp\/v2\/types\/post"}],"author":[{"embeddable":true,"href":"https:\/\/lepap.eu\/index.php?rest_route=\/wp\/v2\/users\/1"}],"replies":[{"embeddable":true,"href":"https:\/\/lepap.eu\/index.php?rest_route=%2Fwp%2Fv2%2Fcomments&post=1002"}],"version-history":[{"count":3,"href":"https:\/\/lepap.eu\/index.php?rest_route=\/wp\/v2\/posts\/1002\/revisions"}],"predecessor-version":[{"id":1052,"href":"https:\/\/lepap.eu\/index.php?rest_route=\/wp\/v2\/posts\/1002\/revisions\/1052"}],"wp:featuredmedia":[{"embeddable":true,"href":"https:\/\/lepap.eu\/index.php?rest_route=\/wp\/v2\/media\/1051"}],"wp:attachment":[{"href":"https:\/\/lepap.eu\/index.php?rest_route=%2Fwp%2Fv2%2Fmedia&parent=1002"}],"wp:term":[{"taxonomy":"category","embeddable":true,"href":"https:\/\/lepap.eu\/index.php?rest_route=%2Fwp%2Fv2%2Fcategories&post=1002"},{"taxonomy":"post_tag","embeddable":true,"href":"https:\/\/lepap.eu\/index.php?rest_route=%2Fwp%2Fv2%2Ftags&post=1002"}],"curies":[{"name":"wp","href":"https:\/\/api.w.org\/{rel}","templated":true}]}}