{"id":1024,"date":"2025-06-02T11:54:03","date_gmt":"2025-06-02T09:54:03","guid":{"rendered":"https:\/\/lepap.eu\/?p=1024"},"modified":"2025-06-02T11:54:03","modified_gmt":"2025-06-02T09:54:03","slug":"lili-leignel-en-visite-au-lycee-le-temoignage-emouvant-dune-rescapee-de-la-shoah","status":"publish","type":"post","link":"https:\/\/lepap.eu\/?p=1024","title":{"rendered":"Lili Leignel en visite au lyc\u00e9e : le t\u00e9moignage \u00e9mouvant d&rsquo;une rescap\u00e9e de la Shoah"},"content":{"rendered":"\n<h4 class=\"wp-block-heading\">Le mercredi 19 mars 2025, les \u00e9l\u00e8ves de terminale du Lyc\u00e9e Pape Cl\u00e9ment, ont eu la chance d\u2019assister au t\u00e9moignage de Lili Leignel au Galet. Lili Leignel est une des derni\u00e8res rescap\u00e9es de la Shoah.\u00a0 A l\u2019\u00e2ge de 93 ans, elle nous livre les horreurs de sa jeunesse dans les camps, ayant pour qu\u00eate de faire de nous \u00ab\u00a0ses petits messagers\u00a0\u00bb.<\/h4>\n\n\n\n<p>L\u2019histoire que Lili Leignel nous a courageusement racont\u00e9e est celle commune \u00e0 tous les juifs et \u00e0 tous les d\u00e9port\u00e9s, mais aussi le r\u00e9cit de sa propre vie\u2026<\/p>\n\n\n\n<figure class=\"wp-block-image\"><img decoding=\"async\" src=\"https:\/\/lh7-rt.googleusercontent.com\/docsz\/AD_4nXe2sNr1sj3kxh4wmLYvYdQdvWeRpeb1vp3BVpKqrNU5VexOEYposcaQpmV4o-TbGV6iZLAD6GOBQOUvCx3lIdHHoyb1m9FQougRBhuBmupCkAGhvrXtZODuExt2p211sc5JOxyC188B-7sXvgy8PSM?key=jIVg_pHxGinXbID3qFxcK2GZ\" alt=\"\"\/><figcaption class=\"wp-element-caption\"><em>Venue de Lili Leignel au Galet, le 19\/03\/2025<\/em><br><\/figcaption><\/figure>\n\n\n\n<p>Sous l\u2019occupation allemande, Lili Leignel fut toujours cach\u00e9e par des familles, qui accept\u00e8rent ill\u00e9galement de l\u2019h\u00e9berger, elle et ses deux fr\u00e8res Robert et Andr\u00e9, au p\u00e9ril de leur vie. Peu avant l\u2019anniversaire de leur m\u00e8re, leurs parents les firent rentrer chez eux. La petite famille fut arr\u00eat\u00e9e par la Gestapo, le 27 octobre 1943 \u00e0 trois heures du matin. Cette date, Lili Leignel s\u2019en souviendra toute sa vie. Elle avait 11 ans, Robert en avait 9 et son petit fr\u00e8re Andr\u00e9 3 ans, quand ils quitt\u00e8rent leur maison \u00e0 Roubaix pr\u00e8s de Lille. D\u00e8s leur arrestation, la famille fut s\u00e9par\u00e9e. Leur p\u00e8re fut enferm\u00e9 dans une cellule avec d\u2019autres hommes tandis que la m\u00e8re et \u00ab\u00a0eux les enfants\u00a0\u00bb, se retrouv\u00e8rent emprisonn\u00e9s quelques jours dans une autre cellule. A partir de cette date, ils ne le revirent plus jamais.<\/p>\n\n\n\n<p>Tous les quatre, sans leur p\u00e8re, furent amen\u00e9s \u00e0 la prison Saint Gilles, \u00e0 Bruxelles en Belgique, o\u00f9 le commandement allemand \u00e9tait bas\u00e9. Ils y rest\u00e8rent quelques jours. Ils furent ensuite conduits vers le camp de Maline, toujours en Belgique, o\u00f9 ils rencontr\u00e8rent avec grande peur des SS allemands et hollandais. C\u2019est l\u00e0 qu\u2019on leur attribua un num\u00e9ro de matricule, les identifiant comme d\u00e9port\u00e9s. Celui de Lili Leignel fut le 25 612. De ce camp, les SS les entass\u00e8rent dans des wagons \u00e0 bestiaux, qui les transport\u00e8rent jusqu\u2019au camp de concentration nazi pour femmes de Ravensbr\u00fcck. Dans le wagon qui les transportait, ils se trouv\u00e8rent avec de nombreux d\u00e9port\u00e9s, comme eux, arr\u00eat\u00e9s pour diff\u00e9rents motifs. La plupart \u00e9taient juifs mais il y avait aussi des tsiganes et des r\u00e9sistants et d&rsquo;autres encore, toutes classes sociales confondues. Lili Leignel se rappelle encore de Genevi\u00e8ve de Gaulle. Elle dormait sur la couchette juste au-dessus de la leur dans le camp de Ravensbr\u00fcck.&nbsp;<\/p>\n\n\n\n<p>D\u00e8s leur arriv\u00e9e dans cet endroit o\u00f9 r\u00e9gnait le d\u00e9sespoir, ils subirent la routine irr\u00e9pressible des camps, rythm\u00e9e par les m\u00e9thodes de tortures et d\u2019humiliation SS. Lever \u00e0 3h30 par la sir\u00e8ne, Waschraum&nbsp;: c\u2019\u00e9tait un temps de nettoyage tr\u00e8s rapide \u00e0 l\u2019eau froide ex\u00e9cut\u00e9 sous surveillance des SS. Puis l\u2019Appel, les juifs \u00e9taient compt\u00e9s, les malades \u00e9taient emmen\u00e9s \u00e0 la mort. La rescap\u00e9e (\u00e9voquait) \u00e9voqua ensuite le dur quotidien des personnes \u00e2g\u00e9es qui (que les personnes assez \u00e2g\u00e9es) se pin\u00e7aient et se tapaient les joues afin d\u2019avoir un teint plus naturel et de ne pas \u00eatre emmen\u00e9es \u00e0 la mort. De plus, elle \u00e9voqua le fait \u201cqu\u2019il fallait se souvenir de son num\u00e9ro de matricule par c\u0153ur\u201d, et en allemand, pour r\u00e9pondre \u00e0 l\u2019appel. Lili Leignel se souvient encore de son num\u00e9ro de matricule en allemand plus de 80 ans apr\u00e8s : \u201cf\u00fcnfundzwanzigtausend sechshundertzw\u00f6lf\u201d (25 612). \u00ab&nbsp;Souvent il en manquait \u00e0 l\u2019appel, alors nous pouvions rester des heures durant, debout, \u00e0 attendre \u00bb nous racontait Lili Leignel.&nbsp;<\/p>\n\n\n\n<p>Les femmes devaient ensuite aller \u00e0 l\u2019Arbeit (le travail), o\u00f9 diverses t\u00e2ches ingrates et macabres leur furent exig\u00e9es comme creuser des fosses pour y mettre les corps des d\u00e9funts juifs. \u00ab&nbsp;Eux les enfants&nbsp;\u00bb ne travaillaient pas mais \u00e9taient enferm\u00e9s dans des blocs&nbsp;: des b\u00e2timents rectangulaires en bois o\u00f9 ils risquaient quotidiennement la mort. Elle et ses fr\u00e8res y rest\u00e8rent 2 ans. \u00ab&nbsp;Nous n\u2019\u00e9tions plus des enfants&nbsp;\u00bb, nous expliquait Lili Leignel. Les enfants furent aussi mal trait\u00e9s que les adultes, ils pouvaient \u00eatre tu\u00e9s dans la journ\u00e9e par les SS. Beaucoup furent tu\u00e9s d\u00e8s la naissance et les nazis allaient jusqu\u2019\u00e0 pousser le vice en chronom\u00e9trant le temps qu\u2019ils mettaient \u00e0 mourir, noy\u00e9s dans des seaux d&rsquo;eau froide.&nbsp; \u00ab&nbsp;S\u2019ils n\u2019\u00e9taient pas assassin\u00e9s, ils risquaient de mourir de maladies comme la dysenterie ou le typhus&nbsp;\u00bb.&nbsp;<\/p>\n\n\n\n<p>Au d\u00e9but de l\u2019ann\u00e9e 1945, Lili Leignel et sa famille ainsi que des centaines de d\u00e9port\u00e9s furent transf\u00e9r\u00e9s au camp de Bergen-Belsen, un camp de concentration \u00e0 l\u2019Ouest de Ravensbr\u00fcck aussi appel\u00e9 \u201ccamp de la mort lente\u201d. En arrivant \u00e0 l\u2019int\u00e9rieur de ce camp, la rescap\u00e9e sent tout de suite une odeur qu\u2019elle qualifie de \u201cpestilentielle\u201d. Dans ce camp, il y avait une \u00e9pid\u00e9mie de typhus qui expliqua les corps pr\u00e9sents m\u00eame \u00e0 l\u2019int\u00e9rieur des blocs. Mais l\u2019odeur provenait surtout des corps qui br\u00fblaient \u00e0 ciel ouvert. Peu de temps apr\u00e8s leur arriv\u00e9e, la m\u00e8re de Lili Leignel attrapa le \u201cKopf Typhus\u201d, ce qui d\u00e9moralisa fortement les enfants.&nbsp;<\/p>\n\n\n\n<p>Par chance, le 15 avril 1945, des soldats britanniques lib\u00e8rent le camp. De la nourriture est alors distribu\u00e9e, et les malades les plus mal en point dont la m\u00e8re de Lili Leignel sont soign\u00e9s au Revier. Le \u201cgrand rapatriement\u201d commence et les trois enfants, s\u00e9par\u00e9s de leur m\u00e8re, quittent ensemble Bergen-Belsen pour rentrer en France. Dans des wagons \u00e0 bestiaux.&nbsp;<\/p>\n\n\n\n<p>Arriv\u00e9s \u00e0 Paris, des camions les amen\u00e8rent \u00e0 l&rsquo;H\u00f4tel Lutetia o\u00f9 de nombreux d\u00e9port\u00e9s y retrouvaient leur famille, ce qui ne fut pas le cas pour les trois enfants qui \u201cn&rsquo;avaient plus personne\u201d, n\u2019ayant plus de nouvelles de leur p\u00e8re et de leur m\u00e8re rest\u00e9e \u00e0 Bergen-Belsen dans un \u00e9tat terrible. Ils furent alors h\u00e9berg\u00e9s par un chirurgien dentiste et sa femme pendant quelques temps. Lili Leignel se souvint subitement un jour qu\u2019elle a de la famille en France : un oncle et une tante dans les Deux-S\u00e8vres. Le chirurgien dentiste les contacta alors et la tante vint chercher les enfants pour les ramener. A leur arriv\u00e9e dans les Deux-S\u00e8vres, les enfants sont accueillis par une foule de personnes dont des journalistes. \u00c9tant rentr\u00e9s seuls sans leurs parents, ils \u00e9taient \u201c\u00e0 l\u2019honneur\u201d comme nous le dit Lili Leignel. Cependant, leur \u00e9tat de sant\u00e9 les emp\u00eacha de rester aupr\u00e8s de leur famille. La Croix Rouge fran\u00e7aise les pla\u00e7a dans un Pr\u00e9ventorium \u00e0 Hendaye pour y \u00eatre soign\u00e9. Un jour, alors qu\u201dils ne s\u2019y attendaient plus, leur m\u00e8re arriva. Ils sont par la suite rentr\u00e9s chez eux \u00e0 Roubaix une fois leurs soins achev\u00e9s. Cependant, leur maison avait \u00e9t\u00e9 pill\u00e9e ; il n\u2019 y avait plus rien, \u201cm\u00eame la tapisserie \u00e9tait d\u00e9chir\u00e9e\u201d nous raconte la rescap\u00e9e. Avec l\u2019aide g\u00e9n\u00e9reuse de leurs voisins, ils ont pu petit \u00e0 petit reconstruire leur foyer. Plus tard, ils apprirent par d\u2019autres d\u00e9port\u00e9s que leur p\u00e8re avait \u00e9t\u00e9 mitraill\u00e9 par les nazis quelques jours avant la lib\u00e9ration du camp o\u00f9 il se trouvait. Les enfants ont alors compris qu\u2019ils ne reverront jamais leur p\u00e8re.&nbsp;<\/p>\n\n\n\n<p>Traumatis\u00e9s par les \u00e9v\u00e9nements, les membres de la famille eurent beaucoup de mal \u00e0 parler de leur v\u00e9cu. Si quelquefois, ils s\u2019exprimaient, les personnes autour semblaient mettre en doute ce qu\u2019ils racontaient, ce qui \u00e9tait tr\u00e8s douloureux pour eux. Toutefois, ils sont parvenus \u00e0 se reconstruire : ainsi Andr\u00e9 est devenu professeur de fran\u00e7ais et a \u00e9crit une th\u00e8se portant sur les enfants d\u00e9port\u00e9s.&nbsp;<\/p>\n\n\n\n<p>Quant \u00e0 Lili Leignel, elle n\u2019a cess\u00e9 de t\u00e9moigner le plus possible notamment apr\u00e8s l\u2019\u00e9mergence de th\u00e8ses n\u00e9gationnistes qui niaient la Shoah et la participation de l\u2019Etat fran\u00e7ais dans les d\u00e9portations. Son combat ne s&rsquo;est pas arr\u00eat\u00e9 l\u00e0. Elle a \u00e9crit 3 livres adapt\u00e9s \u00e0 plusieurs publics (enfants, adolescents,&#8230;) pour laisser une trace \u00e9crite de son histoire : \u201cJe suis encore l\u00e0\u201d (2017), \u201cEt nous sommes revenus seuls\u201d et \u201cJ\u2019avais votre \u00e2ge\u201d (2021). Le but de toutes ses actions : promouvoir la paix et la tol\u00e9rance et mettre fin \u00e0 la haine, au racisme, \u00e0 l\u2019antis\u00e9mitisme.&nbsp;<\/p>\n\n\n\n<figure class=\"wp-block-table\"><table class=\"has-fixed-layout\"><tbody><tr><td><br><br><img loading=\"lazy\" decoding=\"async\" src=\"https:\/\/lh7-rt.googleusercontent.com\/docsz\/AD_4nXf3YHYuVEmJJXKcTVJ0zsrM3mwbAHQlDPTNKytVHeUwx76TocgNOv1W21opNE7H0kyRGHTow8Dx8AgLrph075LPur94TIV60iajDa6hT6u3IGhxGZ3NRk47lCAdQ0ub57mtXH6zMK3rG3qEKUY1Ub8?key=jIVg_pHxGinXbID3qFxcK2GZ\" width=\"208\" height=\"277\"><\/td><td><br><img decoding=\"async\" src=\"https:\/\/lh7-rt.googleusercontent.com\/docsz\/AD_4nXe048E_c7mCr3IztGlg67KKzzLP8EvEqKh635xikuRbmamwhitITTv_0hn-2a4OidnWALtyaImo29CFqiGn4b4he7jFZ-1gB3NxjMXfsGUReClUt1me10-jc11hcbj5qL_aSvzsQIw4xd8TxOKrNxM?key=jIVg_pHxGinXbID3qFxcK2GZ\" width=\"223.96461854367402\" height=\"287.7085882065084\"><em><\/em><\/td><\/tr><tr><td><em>Livre offert au CDI par Lili Leignel<\/em><\/td><td><em>D\u00e9dicace de Lili Leignel<\/em><\/td><\/tr><\/tbody><\/table><\/figure>\n\n\n\n<p>Lili Leignel nous a fait part de l\u2019\u00e9preuve marquante et douloureuse de sa vie, \u00e0 la fois unique et singuli\u00e8re, mais aussi commune \u00e0 tous les juifs \u2192 \u00e0 de nombreux juifs d\u00e9port\u00e9s. Elle nous a aussi communiqu\u00e9 un message d\u2019espoir : elle compte sur nous,&nbsp; la jeune g\u00e9n\u00e9ration, \u00ab&nbsp;mes petits messagers&nbsp;\u00bb comme elle dit, pour ne pas oublier et continuer \u00e0 transmettre les horreurs pass\u00e9es dans les camps afin d\u2019\u00e9viter qu\u2019elles ne se reproduisent \u00e0 l\u2019avenir.&nbsp;<\/p>\n\n\n\n<p>Les \u00e9l\u00e8ves du lyc\u00e9e Pape Cl\u00e9ment ont \u00e9cout\u00e9 avec attention et \u00e9motion son t\u00e9moignage, accompagn\u00e9 de chants en fran\u00e7ais, allemand et tzigane qu\u2019elle chantait avec d\u2019autres enfants dans les camps. L\u2019ensemble des \u00e9l\u00e8ves et des personnels pr\u00e9sents la remercient pour sa venue qui a permis d\u2019\u00e9voquer cet \u00e9v\u00e9nement sombre de l\u2019histoire qui nous concerne tous.&nbsp;<\/p>\n\n\n\n<p><\/p>\n\n\n\n<h4 class=\"wp-block-heading\">A<mark style=\"background-color:rgba(0, 0, 0, 0)\" class=\"has-inline-color has-luminous-vivid-orange-color\">.<\/mark>C<mark style=\"background-color:rgba(0, 0, 0, 0)\" class=\"has-inline-color has-luminous-vivid-orange-color\">.<\/mark>-L<mark style=\"background-color:rgba(0, 0, 0, 0)\" class=\"has-inline-color has-luminous-vivid-orange-color\">.<\/mark> et M<mark style=\"background-color:rgba(0, 0, 0, 0)\" class=\"has-inline-color has-luminous-vivid-orange-color\">.<\/mark>M<mark style=\"background-color:rgba(0, 0, 0, 0)\" class=\"has-inline-color has-luminous-vivid-orange-color\">.<\/mark><\/h4>\n\n\n\n<h4 class=\"wp-block-heading\">Pour plus d\u2019informations \u00e0 son sujet\u2026<\/h4>\n\n\n\n<p><a href=\"https:\/\/shs.cairn.info\/revue-le-monde-juif-1992-1-page-129?lang=fr\">https:\/\/shs.cairn.info\/revue-le-monde-juif-1992-1-page-129?lang=fr<\/a><\/p>\n\n\n\n<p><a href=\"http:\/\/www.fondationshoah.org\/memoire\/lili-keller-rosenberg-une-vie-une-voix-elsa-grenouillet\">http:\/\/www.fondationshoah.org\/memoire\/lili-keller-rosenberg-une-vie-une-voix-elsa-grenouillet<\/a>&nbsp;<\/p>\n\n\n\n<figure class=\"wp-block-embed is-type-video is-provider-youtube wp-block-embed-youtube wp-embed-aspect-16-9 wp-has-aspect-ratio\"><div class=\"wp-block-embed__wrapper\">\n<iframe loading=\"lazy\" title=\"Lili Leignel, une des toutes derni\u00e8res rescap\u00e9es de la Shoah, t\u00e9moigne\" width=\"640\" height=\"360\" src=\"https:\/\/www.youtube.com\/embed\/y7_Z_epykB4?feature=oembed\" frameborder=\"0\" allow=\"accelerometer; autoplay; clipboard-write; encrypted-media; gyroscope; picture-in-picture; web-share\" referrerpolicy=\"strict-origin-when-cross-origin\" allowfullscreen><\/iframe>\n<\/div><\/figure>\n\n\n\n<figure class=\"wp-block-embed is-type-wp-embed is-provider-m-morial-de-la-shoah wp-block-embed-m-morial-de-la-shoah\"><div class=\"wp-block-embed__wrapper\">\n<blockquote class=\"wp-embedded-content\" data-secret=\"qAMA1xYqkJ\"><a href=\"https:\/\/www.memorialdelashoah.org\/archives-et-documentation\/quest-ce-que-la-shoah\/questions-frequentes.html\">Questions fr\u00e9quentes<\/a><\/blockquote><iframe loading=\"lazy\" class=\"wp-embedded-content\" sandbox=\"allow-scripts\" security=\"restricted\" style=\"position: absolute; visibility: hidden;\" title=\"\u00ab\u00a0Questions fr\u00e9quentes\u00a0\u00bb &#8212; M\u00e9morial de la Shoah\" src=\"https:\/\/www.memorialdelashoah.org\/archives-et-documentation\/quest-ce-que-la-shoah\/questions-frequentes.html\/embed#?secret=4Vr1gNK58g#?secret=qAMA1xYqkJ\" data-secret=\"qAMA1xYqkJ\" width=\"600\" height=\"338\" frameborder=\"0\" marginwidth=\"0\" marginheight=\"0\" scrolling=\"no\"><\/iframe>\n<\/div><\/figure>\n\n\n\n<p><a href=\"https:\/\/lesderniers.org\">https:\/\/lesderniers.org<\/a><\/p>\n\n\n\n<p>Plus de ressources disponibles au CDI !<\/p>\n\n\n\n<div data-wp-interactive=\"core\/file\" class=\"wp-block-file\"><object data-wp-bind--hidden=\"!state.hasPdfPreview\" hidden class=\"wp-block-file__embed\" data=\"https:\/\/lepap.eu\/wp-content\/uploads\/2025\/05\/Temoignages-Shoah-ressources-CDI.pdf\" type=\"application\/pdf\" style=\"width:100%;height:600px\" aria-label=\"Contenu embarqu\u00e9 Te\u0301moignages Shoah ressources CDI.\"><\/object><a id=\"wp-block-file--media-f37169d1-9e89-454b-9308-df301d050d34\" href=\"https:\/\/lepap.eu\/wp-content\/uploads\/2025\/05\/Temoignages-Shoah-ressources-CDI.pdf\">Te\u0301moignages Shoah ressources CDI<\/a><a href=\"https:\/\/lepap.eu\/wp-content\/uploads\/2025\/05\/Temoignages-Shoah-ressources-CDI.pdf\" class=\"wp-block-file__button wp-element-button\" download aria-describedby=\"wp-block-file--media-f37169d1-9e89-454b-9308-df301d050d34\">T\u00e9l\u00e9charger<\/a><\/div>\n","protected":false},"excerpt":{"rendered":"<p>Le mercredi 19 mars 2025, les \u00e9l\u00e8ves de terminale du Lyc\u00e9e Pape Cl\u00e9ment, ont eu la chance d\u2019assister au t\u00e9moignage<\/p>\n","protected":false},"author":1,"featured_media":1026,"comment_status":"open","ping_status":"open","sticky":false,"template":"","format":"standard","meta":{"footnotes":""},"categories":[6],"tags":[],"class_list":["post-1024","post","type-post","status-publish","format-standard","has-post-thumbnail","hentry","category-lycee"],"views":539,"_links":{"self":[{"href":"https:\/\/lepap.eu\/index.php?rest_route=\/wp\/v2\/posts\/1024","targetHints":{"allow":["GET"]}}],"collection":[{"href":"https:\/\/lepap.eu\/index.php?rest_route=\/wp\/v2\/posts"}],"about":[{"href":"https:\/\/lepap.eu\/index.php?rest_route=\/wp\/v2\/types\/post"}],"author":[{"embeddable":true,"href":"https:\/\/lepap.eu\/index.php?rest_route=\/wp\/v2\/users\/1"}],"replies":[{"embeddable":true,"href":"https:\/\/lepap.eu\/index.php?rest_route=%2Fwp%2Fv2%2Fcomments&post=1024"}],"version-history":[{"count":1,"href":"https:\/\/lepap.eu\/index.php?rest_route=\/wp\/v2\/posts\/1024\/revisions"}],"predecessor-version":[{"id":1028,"href":"https:\/\/lepap.eu\/index.php?rest_route=\/wp\/v2\/posts\/1024\/revisions\/1028"}],"wp:featuredmedia":[{"embeddable":true,"href":"https:\/\/lepap.eu\/index.php?rest_route=\/wp\/v2\/media\/1026"}],"wp:attachment":[{"href":"https:\/\/lepap.eu\/index.php?rest_route=%2Fwp%2Fv2%2Fmedia&parent=1024"}],"wp:term":[{"taxonomy":"category","embeddable":true,"href":"https:\/\/lepap.eu\/index.php?rest_route=%2Fwp%2Fv2%2Fcategories&post=1024"},{"taxonomy":"post_tag","embeddable":true,"href":"https:\/\/lepap.eu\/index.php?rest_route=%2Fwp%2Fv2%2Ftags&post=1024"}],"curies":[{"name":"wp","href":"https:\/\/api.w.org\/{rel}","templated":true}]}}