{"id":1031,"date":"2025-06-03T18:37:00","date_gmt":"2025-06-03T16:37:00","guid":{"rendered":"https:\/\/lepap.eu\/?p=1031"},"modified":"2025-06-03T18:37:00","modified_gmt":"2025-06-03T16:37:00","slug":"la-police-nationale-au-micro-du-pap","status":"publish","type":"post","link":"https:\/\/lepap.eu\/?p=1031","title":{"rendered":"La police nationale au micro du Pap&rsquo; !"},"content":{"rendered":"\n<h4 class=\"wp-block-heading\">Apr\u00e8s avoir interview\u00e9 la police municipale, nous avons eu la chance de poser nos questions \u00e0 M. Vigui\u00e9, responsable de communication \u00e0 la police nationale, qui nous a \u00e9clair\u00e9s sur le travail dans le milieu policier, les liens entre la police et les m\u00e9dias, \u2026 le tout d\u2019une voix unanimement jug\u00e9e tr\u00e8s \u201cradiophonique\u201d par la r\u00e9daction.<\/h4>\n\n\n\n<h5 class=\"wp-block-heading\"><strong><mark style=\"background-color:rgba(0, 0, 0, 0)\" class=\"has-inline-color has-luminous-vivid-orange-color\">Travailler dans la police<\/mark><\/strong><\/h5>\n\n\n\n<p>Comme M. Vigui\u00e9 nous l\u2019a expliqu\u00e9, c\u2019est un m\u00e9tier tr\u00e8s divers ! On peut facilement changer de secteur, m\u00eame si certains domaines tr\u00e8s sp\u00e9cifiques (brigade canine, police judiciaire, \u2026) n\u00e9cessitent une formation suppl\u00e9mentaire. Notre interlocuteur par exemple, a pass\u00e9 plus de 20 ans dans la police et nous a racont\u00e9 son \u201cparcours \u00e9clectique\u201d :\u00a0 apr\u00e8s avoir \u00e9t\u00e9 en charge d\u2019un arrondissement puis d\u2019un secteur \u00e0 Paris, M. Vigui\u00e9 a travaill\u00e9 dans la BAC [brigade anti-criminalit\u00e9], dans la brigade VTT et d\u2019autres services sp\u00e9cialis\u00e9s. Il est ensuite revenu \u00e0 Bordeaux, o\u00f9 il est maintenant charg\u00e9 de communication, \u201cune des portes d\u2019entr\u00e9e du public vers la police\u201d. Le choix du lieu d\u2019exercice se fait d\u2019abord sur concours, avec une affectation \u00e0 Paris la plupart du temps, mais il est possible de demander des mutations ensuite.<\/p>\n\n\n\n<p>Et comme il le souligne, la police est avant tout un m\u00e9tier humain, o\u00f9 l\u2019on est oblig\u00e9 de faire attention aux autres et de faire preuve d\u2019empathie.<\/p>\n\n\n\n<figure class=\"wp-block-audio\"><audio controls src=\"https:\/\/lepap.eu\/wp-content\/uploads\/2025\/06\/Plus-du-metieraup3.wav\"><\/audio><\/figure>\n\n\n\n<figure class=\"wp-block-pullquote\"><blockquote><p>\u201cL\u2019humain est au centre de tout\u201d<\/p><\/blockquote><\/figure>\n\n\n\n<p>L\u2019\u00e9motion fait aussi partie int\u00e9grante du travail dans la police.<\/p>\n\n\n\n<figure class=\"wp-block-audio\"><audio controls src=\"https:\/\/lepap.eu\/wp-content\/uploads\/2025\/06\/Emotion.wav\"><\/audio><\/figure>\n\n\n\n<p>C\u2019est pourquoi les policier.\u00e8.s b\u00e9n\u00e9ficient d\u2019un soutien psychologique s\u2019ils en font la demande, avec un num\u00e9ro au commissariat disponible 24h\/24.<\/p>\n\n\n\n<h5 class=\"wp-block-heading\"><strong><mark style=\"background-color:rgba(0, 0, 0, 0)\" class=\"has-inline-color has-luminous-vivid-orange-color\">La police et les m\u00e9dias<\/mark><\/strong><\/h5>\n\n\n\n<p>Sans surprise, la police a des liens tr\u00e8s \u00e9troits avec les m\u00e9dias, en particulier les m\u00e9dias locaux\u2026 pour de bonnes raisons !<\/p>\n\n\n\n<figure class=\"wp-block-audio\"><audio controls src=\"https:\/\/lepap.eu\/wp-content\/uploads\/2025\/06\/Police-medias.wav\"><\/audio><\/figure>\n\n\n\n<p>Entre les m\u00e9dias et la police, c\u2019est \u201cvraiment un \u00e9change\u201d qui se cr\u00e9e : d\u2019une part, il s\u2019agit d\u2019aider les gens, mais aussi d\u2019informer la soci\u00e9t\u00e9 que la police a aid\u00e9 !<\/p>\n\n\n\n<p>Et quid de la m\u00e9diatisation de certains faits divers ?<\/p>\n\n\n\n<figure class=\"wp-block-audio\"><audio controls src=\"https:\/\/lepap.eu\/wp-content\/uploads\/2025\/06\/Faits-divers.wav\"><\/audio><\/figure>\n\n\n\n<p>Le r\u00f4le de la police est \u00e0 la fois de faire avancer les dossiers le plus rapidement possible, et de prot\u00e9ger les victimes : c\u2019est pourquoi les informations qui sont communiqu\u00e9es sont limit\u00e9es, pour faciliter le travail des enqu\u00eateurs. Ces informations doivent se limiter au factuel, c\u2019est seulement au moment de l\u2019\u00e9ventuelle audience que tous les \u00e9l\u00e9ments de l\u2019enqu\u00eate deviennent publics.<\/p>\n\n\n\n<h5 class=\"wp-block-heading\"><strong><mark style=\"background-color:rgba(0, 0, 0, 0)\" class=\"has-inline-color has-luminous-vivid-orange-color\">Un m\u00e9tier en \u00e9volution<\/mark><\/strong><\/h5>\n\n\n\n<p>Face \u00e0 l\u2019omnipr\u00e9sence de l\u2019image et aux nouvelles formes de menace, comment s\u2019adapte la police ?<\/p>\n\n\n\n<figure class=\"wp-block-audio\"><audio controls src=\"https:\/\/lepap.eu\/wp-content\/uploads\/2025\/06\/Evol-metier.wav\"><\/audio><\/figure>\n\n\n\n<p>En ce qui concerne les fausses plaintes, malintentionn\u00e9es ou non, elles nuisent au travail de la police\u2026<\/p>\n\n\n\n<figure class=\"wp-block-audio\"><audio controls src=\"https:\/\/lepap.eu\/wp-content\/uploads\/2025\/06\/Fausses-plaintes-edit.wav\"><\/audio><\/figure>\n\n\n\n<p>Quand ces fausses d\u00e9clarations engendrent beaucoup de pr\u00e9judices, comme dans le cas de fausses alertes \u00e0 la bombe, une enqu\u00eate est effectu\u00e9e pour remonter \u00e0 la source de la personne malveillante et faire des poursuites.<\/p>\n\n\n\n<h5 class=\"wp-block-heading\"><strong><mark style=\"background-color:rgba(0, 0, 0, 0)\" class=\"has-inline-color has-luminous-vivid-orange-color\">Un dernier message\u2026<\/mark><\/strong><\/h5>\n\n\n\n<figure class=\"wp-block-audio\"><audio controls src=\"https:\/\/lepap.eu\/wp-content\/uploads\/2025\/06\/Dernier-conseil.wav\"><\/audio><\/figure>\n\n\n\n<h4 class=\"wp-block-heading\">Interview : P<mark style=\"background-color:rgba(0, 0, 0, 0)\" class=\"has-inline-color has-luminous-vivid-orange-color\">.<\/mark>-A<mark style=\"background-color:rgba(0, 0, 0, 0)\" class=\"has-inline-color has-luminous-vivid-orange-color\">.<\/mark>B<mark style=\"background-color:rgba(0, 0, 0, 0)\" class=\"has-inline-color has-luminous-vivid-orange-color\">.<\/mark>, L<mark style=\"background-color:rgba(0, 0, 0, 0)\" class=\"has-inline-color has-luminous-vivid-orange-color\">.<\/mark>B<mark style=\"background-color:rgba(0, 0, 0, 0)\" class=\"has-inline-color has-luminous-vivid-orange-color\">.<\/mark>, P<mark style=\"background-color:rgba(0, 0, 0, 0)\" class=\"has-inline-color has-luminous-vivid-orange-color\">.<\/mark>F<mark style=\"background-color:rgba(0, 0, 0, 0)\" class=\"has-inline-color has-luminous-vivid-orange-color\">.<\/mark>, Y<mark style=\"background-color:rgba(0, 0, 0, 0)\" class=\"has-inline-color has-luminous-vivid-orange-color\">.<\/mark>R<mark style=\"background-color:rgba(0, 0, 0, 0)\" class=\"has-inline-color has-luminous-vivid-orange-color\">.<\/mark>, Mme O<mark style=\"background-color:rgba(0, 0, 0, 0)\" class=\"has-inline-color has-luminous-vivid-orange-color\">.<\/mark><\/h4>\n\n\n\n<h4 class=\"wp-block-heading\">Montage et r\u00e9daction : A<mark style=\"background-color:rgba(0, 0, 0, 0)\" class=\"has-inline-color has-luminous-vivid-orange-color\">.<\/mark>W<mark style=\"background-color:rgba(0, 0, 0, 0)\" class=\"has-inline-color has-luminous-vivid-orange-color\">.<\/mark><\/h4>\n\n\n\n<h5 class=\"wp-block-heading\">Cr\u00e9dit de l&rsquo;image : Pixabay<\/h5>\n\n\n\n<p><\/p>\n","protected":false},"excerpt":{"rendered":"<p>Apr\u00e8s avoir interview\u00e9 la police municipale, nous avons eu la chance de poser nos questions \u00e0 M. Vigui\u00e9, responsable de<\/p>\n","protected":false},"author":1,"featured_media":1032,"comment_status":"open","ping_status":"open","sticky":false,"template":"","format":"standard","meta":{"footnotes":""},"categories":[44,38,9],"tags":[],"class_list":["post-1031","post","type-post","status-publish","format-standard","has-post-thumbnail","hentry","category-faits-divers","category-orientation","category-pessac-et-aggo"],"views":536,"_links":{"self":[{"href":"https:\/\/lepap.eu\/index.php?rest_route=\/wp\/v2\/posts\/1031","targetHints":{"allow":["GET"]}}],"collection":[{"href":"https:\/\/lepap.eu\/index.php?rest_route=\/wp\/v2\/posts"}],"about":[{"href":"https:\/\/lepap.eu\/index.php?rest_route=\/wp\/v2\/types\/post"}],"author":[{"embeddable":true,"href":"https:\/\/lepap.eu\/index.php?rest_route=\/wp\/v2\/users\/1"}],"replies":[{"embeddable":true,"href":"https:\/\/lepap.eu\/index.php?rest_route=%2Fwp%2Fv2%2Fcomments&post=1031"}],"version-history":[{"count":4,"href":"https:\/\/lepap.eu\/index.php?rest_route=\/wp\/v2\/posts\/1031\/revisions"}],"predecessor-version":[{"id":1050,"href":"https:\/\/lepap.eu\/index.php?rest_route=\/wp\/v2\/posts\/1031\/revisions\/1050"}],"wp:featuredmedia":[{"embeddable":true,"href":"https:\/\/lepap.eu\/index.php?rest_route=\/wp\/v2\/media\/1032"}],"wp:attachment":[{"href":"https:\/\/lepap.eu\/index.php?rest_route=%2Fwp%2Fv2%2Fmedia&parent=1031"}],"wp:term":[{"taxonomy":"category","embeddable":true,"href":"https:\/\/lepap.eu\/index.php?rest_route=%2Fwp%2Fv2%2Fcategories&post=1031"},{"taxonomy":"post_tag","embeddable":true,"href":"https:\/\/lepap.eu\/index.php?rest_route=%2Fwp%2Fv2%2Ftags&post=1031"}],"curies":[{"name":"wp","href":"https:\/\/api.w.org\/{rel}","templated":true}]}}