{"id":1076,"date":"2026-04-27T10:26:00","date_gmt":"2026-04-27T08:26:00","guid":{"rendered":"https:\/\/lepap.eu\/?p=1076"},"modified":"2026-04-26T19:25:52","modified_gmt":"2026-04-26T17:25:52","slug":"lire-en-poche-2025","status":"publish","type":"post","link":"https:\/\/lepap.eu\/?p=1076","title":{"rendered":"Lire en Poche 2025"},"content":{"rendered":"\n<p><mark style=\"background-color:rgba(0, 0, 0, 0)\" class=\"has-inline-color has-luminous-vivid-amber-color\"><em>Comme chaque ann\u00e9e, Lire En Poche a eu lieu les 10, 11 et 12 octobre 2025 \u00e0 Gradignan.<\/em>\u00a0<\/mark><\/p>\n\n\n\n<h3 class=\"wp-block-heading\"><strong>Qu\u2019est ce que c\u2019est Lire En Poche ?<\/strong><\/h3>\n\n\n\n<p>Lire En Poche est un salon du livre de poche accessible gratuitement pour tout le monde que ce soit les particuliers ou les scolaires comme les \u00e9coles, coll\u00e8ges et lyc\u00e9es. Depuis 20 ans, 1200 auteurs, illustrateurs ou traducteurs de France et du monde entier sont venus \u00e0 la rencontre des enfants et des adultes. Chaque ann\u00e9e, Lire En Poche accueille environ 100 invit\u00e9s et 30.000 personnes sur 3 jours.<\/p>\n\n\n\n<h3 class=\"wp-block-heading\"><strong>Une \u00e9dition particuli\u00e8re<\/strong><\/h3>\n\n\n\n<p>Cette ann\u00e9e a \u00e9t\u00e9 particuli\u00e8re car il n\u2019y a pas eu de th\u00e8me. En effet, Lire En Poche a f\u00eat\u00e9&nbsp;<\/p>\n\n\n\n<p>ses 20 ans, c&rsquo;est donc une \u00e9dition sp\u00e9ciale anniversaire qui a eu lieu ce 2\u00e8me week-end d\u2019octobre. Lors de ce salon il n\u2019y a pas eu de parrain ou de marraine comme chaque ann\u00e9e mais Lire En Poche a essay\u00e9 de r\u00e9unir tous les parrains et marraines des ann\u00e9es pr\u00e9c\u00e9dentes.&nbsp;<\/p>\n\n\n\n<h3 class=\"wp-block-heading\"><strong>Que se passe-t-il \u00e0 Lire En Poche ?<\/strong><\/h3>\n\n\n\n<p>Lors de Lire En Poche, diff\u00e9rentes librairies, auteurs et illustrateurs se r\u00e9unissent sur la plaine de Mandavit \u00e0 Gradignan et pr\u00e9sentent leurs livres au grand public. Durant ces trois jours, il y a aussi de nombreux \u00e9v\u00e8nements avec les auteurs pour les petits comme des lectures dessin\u00e9es et les grands comme des conf\u00e9rences. Tous les \u00e9v\u00e8nements sont gratuits mais certains sont sur r\u00e9servation. Les r\u00e9servations ont g\u00e9n\u00e9ralement lieu le dimanche juste avant Lire En Poche \u00e0 8h00. Il faut surtout se d\u00e9p\u00eacher de r\u00e9server car les places partent tr\u00e8s rapidement surtout pour les auteurs connus.&nbsp;<\/p>\n\n\n\n<p>Les auteurs pr\u00e9sents d\u00e9dicacent \u00e9galement les livres. Bien s\u00fbr, lors de ces trois jours on peut aussi acheter des livres et rencontrer nos auteurs et autrices pr\u00e9f\u00e9r\u00e9(e)s lorsqu\u2019ils ont \u00e9t\u00e9 invit\u00e9s et sont pr\u00e9sents. Le but de ce salon \u00e9tant de se d\u00e9connecter des \u00e9crans et de prendre du temps pour lire.&nbsp;<\/p>\n\n\n\n<h3 class=\"wp-block-heading\"><strong>Ce que Lire en Poche apporte ?<\/strong><\/h3>\n\n\n\n<p>Ce que j\u2019aime \u00e0 Lire en Poche, c\u2019est de pouvoir d\u00e9couvrir pleins d\u2019auteurs qu\u2019on ne serait peut \u00eatre pas aller voir sinon.<strong> <\/strong>De plus, cet \u00e9v\u00e9nement a lieu sur une grande plaine \u00e0 Gradignan ce qui permet de pique niquer entre amis ou entre famille tout en profitant de l\u2019ambiance qui est incroyable.&nbsp;<\/p>\n\n\n\n<p><strong>S<mark style=\"background-color:rgba(0, 0, 0, 0)\" class=\"has-inline-color has-luminous-vivid-amber-color\">. <\/mark>W<mark style=\"background-color:rgba(0, 0, 0, 0)\" class=\"has-inline-color has-luminous-vivid-amber-color\">.<\/mark><\/strong><\/p>\n\n\n\n<p><\/p>\n","protected":false},"excerpt":{"rendered":"<p>Comme chaque ann\u00e9e, Lire En Poche a eu lieu les 10, 11 et 12 octobre 2025 \u00e0 Gradignan.\u00a0 Qu\u2019est ce<\/p>\n","protected":false},"author":1,"featured_media":1077,"comment_status":"open","ping_status":"open","sticky":false,"template":"","format":"standard","meta":{"footnotes":""},"categories":[7,9],"tags":[],"class_list":["post-1076","post","type-post","status-publish","format-standard","has-post-thumbnail","hentry","category-culture","category-pessac-et-aggo"],"views":2,"_links":{"self":[{"href":"https:\/\/lepap.eu\/index.php?rest_route=\/wp\/v2\/posts\/1076","targetHints":{"allow":["GET"]}}],"collection":[{"href":"https:\/\/lepap.eu\/index.php?rest_route=\/wp\/v2\/posts"}],"about":[{"href":"https:\/\/lepap.eu\/index.php?rest_route=\/wp\/v2\/types\/post"}],"author":[{"embeddable":true,"href":"https:\/\/lepap.eu\/index.php?rest_route=\/wp\/v2\/users\/1"}],"replies":[{"embeddable":true,"href":"https:\/\/lepap.eu\/index.php?rest_route=%2Fwp%2Fv2%2Fcomments&post=1076"}],"version-history":[{"count":1,"href":"https:\/\/lepap.eu\/index.php?rest_route=\/wp\/v2\/posts\/1076\/revisions"}],"predecessor-version":[{"id":1078,"href":"https:\/\/lepap.eu\/index.php?rest_route=\/wp\/v2\/posts\/1076\/revisions\/1078"}],"wp:featuredmedia":[{"embeddable":true,"href":"https:\/\/lepap.eu\/index.php?rest_route=\/wp\/v2\/media\/1077"}],"wp:attachment":[{"href":"https:\/\/lepap.eu\/index.php?rest_route=%2Fwp%2Fv2%2Fmedia&parent=1076"}],"wp:term":[{"taxonomy":"category","embeddable":true,"href":"https:\/\/lepap.eu\/index.php?rest_route=%2Fwp%2Fv2%2Fcategories&post=1076"},{"taxonomy":"post_tag","embeddable":true,"href":"https:\/\/lepap.eu\/index.php?rest_route=%2Fwp%2Fv2%2Ftags&post=1076"}],"curies":[{"name":"wp","href":"https:\/\/api.w.org\/{rel}","templated":true}]}}