{"id":1081,"date":"2026-04-27T10:35:00","date_gmt":"2026-04-27T08:35:00","guid":{"rendered":"https:\/\/lepap.eu\/?p=1081"},"modified":"2026-04-26T19:24:42","modified_gmt":"2026-04-26T17:24:42","slug":"cop-30","status":"publish","type":"post","link":"https:\/\/lepap.eu\/?p=1081","title":{"rendered":"COP 30"},"content":{"rendered":"\n<p><em><mark style=\"background-color:rgba(0, 0, 0, 0)\" class=\"has-inline-color has-luminous-vivid-amber-color\">En novembre dernier s\u2019est achev\u00e9e la COP30 \u00e0 Bel\u00e9m, au Br\u00e9sil, 30 ans apr\u00e8s la premi\u00e8re COP, celle de Berlin de 1995 : la COP1.<\/mark><\/em><\/p>\n\n\n\n<h3 class=\"wp-block-heading\"><strong>Mais c\u2019est quoi une COP ?<\/strong><\/h3>\n\n\n\n<p>Le terme COP est l\u2019acronyme de Conference of Parties, qui signifie \u201cConf\u00e9rence des Parties\u201d en fran\u00e7ais. Les COP sont des r\u00e9unions annuelles entre les pays signataires de la Convention sur le climat de l\u2019ONU (Organisation des Nations Unies). Adopt\u00e9e en 1992, cette convention fixe les bases de la coop\u00e9ration internationale pour r\u00e9duire les \u00e9missions de gaz \u00e0 effet de serre pour r\u00e9duire l\u2019impact humain sur le climat. Les nations signataires s\u2019engagent \u00e0 se r\u00e9unir tous les ans, pour un temps durant lequel les pays dressent le bilan de leurs engagements pour faire face \u00e0 la crise climatique et n\u00e9gocient les nouveaux objectifs \u00e0 atteindre.<\/p>\n\n\n\n<p>Outre les 197 parties ayant ratifi\u00e9 la convention (196 \u00c9tats et l\u2019<a href=\"https:\/\/www.vie-publique.fr\/node\/20298\">UE<\/a>), des ONG (<a href=\"https:\/\/www.vie-publique.fr\/node\/38225\">Organisations Non Gouvernementales)<\/a>, <a href=\"https:\/\/www.vie-publique.fr\/node\/19604\">collectivit\u00e9s territoriales<\/a>, <a href=\"https:\/\/www.vie-publique.fr\/node\/288338\">syndicats<\/a> et lobbies, y participent \u00e9galement.\u00a0<\/p>\n\n\n\n<h3 class=\"wp-block-heading\"><strong>Une situation climatique actuelle alarmante : <\/strong><strong><em>\u00abLimiter le r\u00e9chauffement plan\u00e9taire sous 1,5\u00b0C n\u2019est d\u00e9sormais plus atteignable\u00bb<\/em><\/strong><\/h3>\n\n\n\n<p>\u00c0 la veille de la COP30, l\u2019ONU alertait sur l&rsquo;insuffisance des efforts fournis par les pays pour maintenir le r\u00e9chauffement climatique dans le cadre des Accords de Paris sign\u00e9s lors de la COP21 \u00e0 Paris en 2015 : limiter le r\u00e9chauffement \u00e0 2 degr\u00e9s ou au mieux \u00e0 1,5, pr\u00e9conis\u00e9 par le GIEC &#8211; Groupe d\u2019experts intergouvernemental sur l\u2019\u00e9volution du climat- pour \u00e9viter les cons\u00e9quences les plus graves du changement climatique. \u00ab Pour y parvenir, il faudrait, d&rsquo;ici 2035, r\u00e9duire les \u00e9missions annuelles de gaz \u00e0 effet de serre de 35% par rapport aux niveaux de 2019 (pour une limitation \u00e0 2\u00b0C) et de 55% (pour une limitation \u00e0 1,5 \u00b0C). D&rsquo;ores et d\u00e9j\u00e0, un d\u00e9passement du seuil de 1,5 \u00b0C au cours de la prochaine d\u00e9cennie est jug\u00e9 \u00ab\u00a0fort probable\u00a0\u00bb compte tenu de la trajectoire actuelle et du rythme d&rsquo;augmentation des \u00e9missions (+2,3% par an)\u201d. <em>(source <\/em><a href=\"http:\/\/www.vie-publique.fr\"><em>www.vie-publique.fr<\/em><\/a><strong><em>)<\/em><\/strong><\/p>\n\n\n\n<p>Et cela a d\u00e9j\u00e0 \u00e9t\u00e9 le cas pour l\u2019ann\u00e9e 2024 : \u00e0 cause des \u00e9missions de gaz \u00e0 effet de serre, l\u2019augmentation des temp\u00e9ratures \u00e0 la surface de la Terre a atteint une temp\u00e9rature de +1,52\u00b0C en 2024 par rapport \u00e0 l\u2019\u00e8re pr\u00e9industrielle, <a href=\"https:\/\/vert.eco\/articles\/je-suis-a-court-de-metaphores-pour-expliquer-lampleur-du-rechauffement-2024-a-pulverise-le-record-de-lannee-la-plus-chaude\">ce qui en fait l\u2019ann\u00e9e la plus chaude jamais mesur\u00e9e<\/a> [&#8230;]. N\u00e9anmoins, ce seuil doit \u00eatre franchi pendant plusieurs ann\u00e9es pour que la communaut\u00e9 scientifique consid\u00e8re qu\u2019il est officiellement d\u00e9pass\u00e9. Des chercheur.ses, dont certain.es font parti.es du GIEC, ne se font pourtant pas d\u2019illusion : <em>\u00abLimiter le r\u00e9chauffement plan\u00e9taire sous 1,5\u00b0C n\u2019est d\u00e9sormais plus atteignable\u00bb<\/em>.<\/p>\n\n\n\n<h3 class=\"wp-block-heading\"><strong>Quelles sont les r\u00e9sultats de la COP30 ?&nbsp;<\/strong><\/h3>\n\n\n\n<p><em>\u201cEn d\u00e9pit des efforts infatigables et du leadership de la pr\u00e9sidence br\u00e9silienne, elle [la COP30] s\u2019est sold\u00e9e par l\u2019adoption d\u2019un accord \u00e0 minima.\u201d <\/em><em>Minist\u00e8re de l\u2019Europe et des Affaires \u00e9trang\u00e8res<\/em><\/p>\n\n\n\n<p>&nbsp; C\u2019est donc dans ce contexte d\u2019urgence climatique, que s\u2019est achev\u00e9e, le 22 novembre 2025, la COP30 \u00e0 Bel\u00e9m, situ\u00e9 \u00e0 la lisi\u00e8re de la for\u00eat amazonienne, \u201c<em>poumon de notre plan\u00e8te<\/em>\u201d, une repr\u00e9sentation symbolique voulue par le Pr\u00e9sident br\u00e9silien Lula, mais \u00ab&nbsp;un poumon aujourd\u2019hui malade&nbsp;\u00bb\u2026<\/p>\n\n\n\n<p>Un accord final a \u00e9t\u00e9 trouv\u00e9 mais jug\u00e9 insuffisant, par plusieurs d\u00e9l\u00e9gations et <em>\u201csans ambition<\/em>\u201d selon la Ministre fran\u00e7aise de la transition \u00e9cologique, Monique Barbut tandis que la Chine se f\u00e9licite d\u2019un <em>\u201csucc\u00e8s dans une situation tr\u00e8s difficile<\/em>\u201d. Ces deux points de vue illustrent les conclusions \u00e0 tirer de ce rassemblement des pays, cens\u00e9 apporter des r\u00e9ponses concr\u00e8tes en faveur du climat. [Comme par exemple la sortie des \u00e9nergies fossiles (alors que 1600 lobbyistes, travaillant dans ce secteur d\u2019activit\u00e9, ont \u00e9t\u00e9 pr\u00e9sents \u00e0 cette r\u00e9union internationale\u2026repr\u00e9sentant 1 participant sur 25 :un nombre 50 fois plus \u00e9lev\u00e9 que les repr\u00e9sentants de la d\u00e9l\u00e9gation Philip\u00e9enne)]. D\u2019un c\u00f4t\u00e9, une vision pessimiste relay\u00e9e par de nombreux pays, tels que la Colombie, ou l\u2019association R\u00e9seau Action Climat-International, qui rassemble plus de 2 000 organisations de la soci\u00e9t\u00e9 civile, et qui d\u00e9plore au journal <em>Le Monde<\/em> des <em>\u00ab r\u00e9sultats tr\u00e8s faibles \u00bb<\/em>, et que <em>\u00ables gouvernements n\u2019ont pas pr\u00e9sent\u00e9 de plan de r\u00e9ponse mondial concret pour combler le d\u00e9ficit d\u2019ambition et se sont seulement engag\u00e9s \u00e0 mettre en place des processus suppl\u00e9mentaires pour y rem\u00e9dier\u201d<\/em>. En effet, \u00e0 l&rsquo;instar de mesures concr\u00e8tes et impactantes r\u00e9clam\u00e9es par de nombreuses d\u00e9l\u00e9gations, ONG, populations locales, associations sur la sortie des \u00e9nergies fossiles sur laquelle aucun accord n\u2019a pu \u00eatre trouv\u00e9, seule une d\u00e9cision \u00e9conomique nomm\u00e9e \u00abMutirao\u00bb devrait pousser les Etats \u00e0 mener des politiques en faveur de la protection du climat. C\u2019est ici une vision optimiste qui peut-\u00eatre pos\u00e9e sur cette COP : \u201c<em>mobiliser 300 milliards de dollars (260 milliards d\u2019euros) par an d\u2019ici \u00e0 2035 en faveur des pays en d\u00e9veloppement et atteindre une enveloppe plus large de 1 300 milliards de dollars d\u2019argent public et priv\u00e9 au m\u00eame horizon<\/em>\u201d et un triplement des fonds sp\u00e9cifiquement consacr\u00e9s \u00e0 l\u2019adaptation au changement climatique d\u2019ici \u00e0 2035, pour faire face aux canicules ou aux inondations. La formulation est toutefois faible : elle se contente d\u2019appeler les Etats \u00e0 <em>\u00ab faire des efforts \u00bb<\/em> dans ce sens et ne mentionne pas la somme de 120 milliards de dollars que les pays en d\u00e9veloppement souhaitent voir figurer. <em>\u00ab Nous nous f\u00e9licitons de cet objectif, mais on peut se demander : tripler par rapport \u00e0 quoi ? Il n\u2019y a pas de date de d\u00e9part dans le texte et l\u2019\u00e9ch\u00e9ance a \u00e9t\u00e9 repouss\u00e9e de 2030 \u00e0 2035 \u00bb<\/em> dans la d\u00e9cision finale, regrette Joseph Mithika Mwenda, directeur ex\u00e9cutif de la Pan African Climate Justice Alliance (coalition de plusieurs organisations appartenant \u00e0 la soci\u00e9t\u00e9 civile). <em>(source <\/em><a href=\"http:\/\/lemonde.fr\"><em>LeMonde.fr<\/em><\/a><em>)<\/em><\/p>\n\n\n\n<h3 class=\"wp-block-heading\"><strong>4) Un futur embrum\u00e9 mais de l\u2019espoir \u00e0 garder<\/strong><\/h3>\n\n\n\n<p>&nbsp; Un bilan plus qu\u2019 insuffisant de cette COP au vu des enjeux et des dangers mis en avant par le GIEC, en dit long sur les r\u00e9elles pr\u00e9occupations de nos gouverneur.es politiques, \u00e9tant \u00e0 la t\u00eate des pays \u00e9tablis sur une plan\u00e8te d\u00e9r\u00e9gl\u00e9e et dont les cons\u00e9quences sont d\u00e9j\u00e0 visibles : le recul des glaciers, des canicules de plus en plus fr\u00e9quentes et intenses, des ph\u00e9nom\u00e8nes climatiques de plus en plus violents et communs. En outre, une absence est aussi \u00e0 noter, celle d\u2019une d\u00e9l\u00e9gation officielle des Etats-Unis, s\u2019\u00e9tant \u00e9galement retir\u00e9s des Accords de Paris cette ann\u00e9e, 10 ans apr\u00e8s sa mise en application.&nbsp;<\/p>\n\n\n\n<p>Malgr\u00e9 tout ce pessimisme pouvant provoquer une \u00e9co-anxi\u00e9t\u00e9 de plus en plus \u00e9lev\u00e9e (15% dans Fran\u00e7ais le sont selon l\u2019Agence de la transition \u00e9cologique), des actions impactantes accessible \u00e0 notre \u00e9chelles sont possibles : adh\u00e9rer \u00e0 une des nombreuses associations locales, faire des dons \u00e0 des ONG, aller voter\u2026<\/p>\n\n\n\n<p><strong>Sources : <\/strong><\/p>\n\n\n\n<p><a href=\"http:\/\/www.lemonde.fr\">www.lemonde.fr<\/a><\/p>\n\n\n\n<p><a href=\"http:\/\/www.amnesty.org\">www.amnesty.org<\/a>&nbsp;<\/p>\n\n\n\n<p><a href=\"http:\/\/www.oxfamfrance.org\">www.oxfamfrance.org<\/a><\/p>\n\n\n\n<p><a href=\"http:\/\/www.vie-publique.fr\">www.vie-publique.fr<\/a><\/p>\n\n\n\n<p><a href=\"http:\/\/docs.un.org\">docs.un.org<\/a><\/p>\n\n\n\n<p><a href=\"http:\/\/reporterre.net\">reporterre.net<\/a><\/p>\n\n\n\n<p><a href=\"http:\/\/france.attac.org\">france.attac.org<\/a><\/p>\n\n\n\n<p><a href=\"http:\/\/www.ademe.fr\">www.ademe.fr<\/a><\/p>\n\n\n\n<p><strong>P<mark style=\"background-color:rgba(0, 0, 0, 0)\" class=\"has-inline-color has-luminous-vivid-amber-color\">.<\/mark> F<mark style=\"background-color:rgba(0, 0, 0, 0)\" class=\"has-inline-color has-luminous-vivid-amber-color\">.<\/mark><\/strong><\/p>\n\n\n\n<p><\/p>\n","protected":false},"excerpt":{"rendered":"<p>En novembre dernier s\u2019est achev\u00e9e la COP30 \u00e0 Bel\u00e9m, au Br\u00e9sil, 30 ans apr\u00e8s la premi\u00e8re COP, celle de Berlin<\/p>\n","protected":false},"author":1,"featured_media":1082,"comment_status":"open","ping_status":"open","sticky":false,"template":"","format":"standard","meta":{"footnotes":""},"categories":[22,11,1,39],"tags":[],"class_list":["post-1081","post","type-post","status-publish","format-standard","has-post-thumbnail","hentry","category-coup-de-coeur","category-international","category-non-classe","category-sciences"],"views":2,"_links":{"self":[{"href":"https:\/\/lepap.eu\/index.php?rest_route=\/wp\/v2\/posts\/1081","targetHints":{"allow":["GET"]}}],"collection":[{"href":"https:\/\/lepap.eu\/index.php?rest_route=\/wp\/v2\/posts"}],"about":[{"href":"https:\/\/lepap.eu\/index.php?rest_route=\/wp\/v2\/types\/post"}],"author":[{"embeddable":true,"href":"https:\/\/lepap.eu\/index.php?rest_route=\/wp\/v2\/users\/1"}],"replies":[{"embeddable":true,"href":"https:\/\/lepap.eu\/index.php?rest_route=%2Fwp%2Fv2%2Fcomments&post=1081"}],"version-history":[{"count":5,"href":"https:\/\/lepap.eu\/index.php?rest_route=\/wp\/v2\/posts\/1081\/revisions"}],"predecessor-version":[{"id":1089,"href":"https:\/\/lepap.eu\/index.php?rest_route=\/wp\/v2\/posts\/1081\/revisions\/1089"}],"wp:featuredmedia":[{"embeddable":true,"href":"https:\/\/lepap.eu\/index.php?rest_route=\/wp\/v2\/media\/1082"}],"wp:attachment":[{"href":"https:\/\/lepap.eu\/index.php?rest_route=%2Fwp%2Fv2%2Fmedia&parent=1081"}],"wp:term":[{"taxonomy":"category","embeddable":true,"href":"https:\/\/lepap.eu\/index.php?rest_route=%2Fwp%2Fv2%2Fcategories&post=1081"},{"taxonomy":"post_tag","embeddable":true,"href":"https:\/\/lepap.eu\/index.php?rest_route=%2Fwp%2Fv2%2Ftags&post=1081"}],"curies":[{"name":"wp","href":"https:\/\/api.w.org\/{rel}","templated":true}]}}