{"id":1093,"date":"2026-04-27T10:15:00","date_gmt":"2026-04-27T08:15:00","guid":{"rendered":"https:\/\/lepap.eu\/?p=1093"},"modified":"2026-04-26T19:23:55","modified_gmt":"2026-04-26T17:23:55","slug":"reco-du-pap","status":"publish","type":"post","link":"https:\/\/lepap.eu\/?p=1093","title":{"rendered":"Reco du pap"},"content":{"rendered":"\n<h3 class=\"wp-block-heading\"><strong>La voleuse de livres<\/strong><strong>. \u00c9crit par Markus Zusak. Environ 640 pages, <\/strong><a href=\"https:\/\/0332722e.esidoc.fr\/recherche\/la%20voleuse%20de%20livres?auteurs=Zusak%2C%20Markus\"><strong>\u00e0 retrouver au CDI<\/strong><\/a><\/h3>\n\n\n\n<p>Des millions de gens sont morts pendant la 2nde guerre mondiale. De quoi bien occuper la Mort, qui n&rsquo;a plus de repos.&nbsp;<\/p>\n\n\n\n<p>La premi\u00e8re fois qu&rsquo;elle a vu Liesel, c&rsquo;\u00e9tait en venant prendre son fr\u00e8re dans un train. Ensuite elle l&rsquo;a revue, plusieurs ann\u00e9es apr\u00e8s, pench\u00e9e sur le corps d&rsquo;un pilote d&rsquo;avion qui venait de se crasher. Et puis, elles se sont crois\u00e9es dans la rue, Liesel seule, au milieu des cadavres qu&rsquo;avait laiss\u00e9 un bombardement, un livre serr\u00e9 contre elle. La singularit\u00e9 du destin de cette fille, surnomm\u00e9e la Voleuse de livres, a suffi \u00e0 attiser la curiosit\u00e9 de la Mort, qui d\u00e9cide de conter son histoire.&nbsp;<\/p>\n\n\n\n<p>\u201c<em>Liesel s\u2019approcha encore et je vous promets qu\u2019\u00e0 ce moment pr\u00e9cis, nous nous sommes reconnues.&nbsp;<\/em><\/p>\n\n\n\n<p><em>Je te reconnais, ai-je pens\u00e9.&nbsp;<\/em><\/p>\n\n\n\n<p><em>Il y avait un train et un petit gar\u00e7on qui toussait. Il y avait de la neige et une fillette affol\u00e9e.&nbsp;<\/em><\/p>\n\n\n\n<p><em>Tu as grandi, mais je te reconnais.&nbsp;<\/em><\/p>\n\n\n\n<p><em>Elle n\u2019a pas recul\u00e9, n\u2019a pas tent\u00e9 de lutter avec moi, mais je sais qu\u2019elle a eu l\u2019intuition de ma pr\u00e9sence. A-t-elle senti mon souffle ? Pouvait-elle entendre mon maudit rythme cardiaque circulaire qui tourne en rond comme le criminel qu\u2019il est dans ma poitrine mortelle?\u201d Je l\u2019ignore mais elle me connaissait. Elle m\u2019a regard\u00e9e en face, sans d\u00e9tourner les yeux.\u201d<\/em><\/p>\n\n\n\n<p>Petite note \u00e0 l&rsquo;intention des \u00e9l\u00e8ves et professeurs d&rsquo;allemand : l&rsquo;\u00e9quipe du Pap&rsquo; se d\u00e9gage de toute responsabilit\u00e9 quant \u00e0 la diversit\u00e9 des insultes allemandes pr\u00e9sentes dans ce roman<em>.<\/em><\/p>\n\n\n\n<h3 class=\"wp-block-heading\"><strong>Changer l&rsquo;eau des fleurs<\/strong><strong>. \u00c9crit par Val\u00e9rie Perrin. Environ 670 pages. <\/strong><a href=\"https:\/\/0332722e.esidoc.fr\/recherche\/changer%20l'eau?auteurs=Perrin%2C%20Val%C3%A9rie&amp;support_groupe=Livres&amp;types_nature=Fiction\"><strong>\u00c0 retrouver au CDI.<\/strong><\/a><\/h3>\n\n\n\n<p>Violette Toussaint est garde-cimeti\u00e8re. C&rsquo;est elle qui loge dans le cimeti\u00e8re, qui s&rsquo;occupe du nettoyage des tombes, de la vente des fleurs. Les histoires des gens enterr\u00e9s dans son cimeti\u00e8re, elle les conna\u00eet presque toutes. Pourtant garde cimeti\u00e8re n&rsquo;\u00e9tait pas une de ses vocations.&nbsp;<\/p>\n\n\n\n<p>Avant le drame, elle vivait une vie agr\u00e9able avec son mari et sa fille\u2026&nbsp;<\/p>\n\n\n\n<p>Et puis le jour o\u00f9 un homme vient la voir pour respecter les derni\u00e8res volont\u00e9s de sa d\u00e9funte m\u00e8re, tout remonte \u00e0 la surface.&nbsp;<\/p>\n\n\n\n<p><em>\u201cJe m&rsquo;en veux un peu d&rsquo;avoir propos\u00e9 au commissaire de passer chez moi, de lui avoir offert mon aide. Il frappe \u00e0 la porte comme la premi\u00e8re fois. Eliane ne bouge pas. Elle a d\u00e9j\u00e0 commenc\u00e9 sa nuit, roul\u00e9e en boule dans les innombrables couvertures de son panier.<\/em><\/p>\n\n\n\n<p><em>Il me sourit, me dit bonsoir. Un froid sec entre en m\u00eame temps que lui. Je referme aussit\u00f4t. Je tire une chaise pour qu&rsquo;il s&rsquo;assoie. Il n\u2019enl\u00e8ve pas son manteau. C&rsquo;est bon signe. Cela veut dire qu&rsquo;il ne restera pas longtemps.\u201d<\/em><\/p>\n\n\n\n<h3 class=\"wp-block-heading\"><strong>Quatre filles et quatre gar\u00e7ons, <\/strong><strong>\u00c9crit par Florence Hinckel, environ 570 pages, <\/strong><a href=\"https:\/\/0332722e.esidoc.fr\/recherche\/quatre%20filles?auteurs=Hinckel%2C%20Florence&amp;editeurs=PKJ&amp;support_groupe=Livres&amp;types_nature=Fiction\"><strong>\u00e0 retrouver au CDI<\/strong><\/a><strong>.<\/strong><\/h3>\n\n\n\n<p><em>Quatre filles et quatre gar\u00e7ons<\/em>, c\u2019est l\u2019histoire d\u2019un grand groupe d\u2019amis, qui s\u2019appr\u00eatent \u00e0 vivre leur derni\u00e8re ann\u00e9e de coll\u00e8ge. Alors, pour marquer le coup et c\u00e9l\u00e9brer leur amiti\u00e9 qui prendra possiblement fin une fois arriv\u00e9s au lyc\u00e9e, ils d\u00e9cident de tenir un carnet de bord de leur derni\u00e8re ann\u00e9e. A tour de r\u00f4le, \u00e0 la suite de c\u00e9r\u00e9monies de passation \u00e0 l\u2019apparence sectaire dans le fond du bus de la ligne 15, ils t\u00e9moignent d\u2019un mois de leur vie, de leurs premiers amours, doutes et engagements.&nbsp;&nbsp;<\/p>\n\n\n\n<p><em>\u201cJ\u2019ai regard\u00e9 le gros 15 inscrit sur l\u2019\u00e9cran lumineux qui surmontait le pare-brise de l\u2019autobus. Je me suis aper\u00e7ue que c\u2019\u00e9tait dans cette direction que nous allions tous les huit. Fifteen. Vers nos quinze ans.\u201d<\/em><\/p>\n\n\n\n<h3 class=\"wp-block-heading\"><strong>Le Roi se meurt. \u00c9crit par Eug\u00e8ne Ionesco,\u00a0environ 208 pages. <\/strong><a href=\"https:\/\/0332722e.esidoc.fr\/recherche\/le%20roi%20se%20meurt?auteurs=Ionesco%2C%20Eug%C3%A8ne&amp;support_groupe=Livres\"><strong>A retrouver au CDI<\/strong><\/a><strong> ou regarder la captation sur Cyrano \u00c9ducation, accessible depuis le m\u00e9diacentre et\/ou Esidoc.\u00a0<\/strong><\/h3>\n\n\n\n<p>Un royaume tombe en ruine, les plantes meurent lentement, la population vieillit, il n\u2019y a plus d\u2019arm\u00e9e, le soleil n\u2019ob\u00e9it plus, le Roi est malade, il a perdu tout contr\u00f4le sur les \u00eatres et les choses et l\u2019espace semble se r\u00e9tr\u00e9cir autour de lui. C\u2019est dans cet univers apocalyptique que nous plonge Eug\u00e8ne Ionesco, dans sa pi\u00e8ce de th\u00e9\u00e2tre Le Roi se meurt. Le Roi B\u00e9renger va mourir dans 1h30 environ, \u00e0 la fin du spectacle. Il est temps, lui qui a v\u00e9cu, insouciant, des centaines d\u2019ann\u00e9es. A ses c\u00f4t\u00e9s, les reines Marguerite et Marie, ses \u00e9pouses, le M\u00e9decin (\u00e9galement bourreau et astrologue \u00e0 ses heures perdues), Juliette une femme de m\u00e9nage, et un Garde.<\/p>\n\n\n\n<p>\u201c<em>Le Roi\u00a0<\/em>                                                                                                                                                             <em>Je veux du pot-au-feu.<\/em><\/p>\n\n\n\n<p><em>Le m\u00e9decin<\/em>                                                                                                                                                     <em>Ce n\u2019est pas recommand\u00e9 pour la sant\u00e9 des mourants.<\/em><\/p>\n\n\n\n<p><em>Marie<\/em>                                                                                                                                                           <em>C\u2019est peut-\u00eatre son dernier d\u00e9sir.<\/em><\/p>\n\n\n\n<p><em>Marguerite<\/em>                                                                                                                                                        <em>Il faut qu\u2019il s\u2019en d\u00e9tache.<\/em><\/p>\n\n\n\n<p><em>Le Roi,<\/em> r\u00eaveur                                                                                                                                                  <em>Le bouillon\u2026 les pommes de terre chaudes\u2026les carottes bien cuites.<\/em><\/p>\n\n\n\n<p><em>Juliette<\/em>                                                                                                                                                              <em>Il fait encore des jeux de mots.<\/em><\/p>\n\n\n\n<p><em>Le Roi, <\/em>avec fatigue                                                                                                                                          <em>Je n\u2019avais jamais remarqu\u00e9 que les carottes \u00e9taient si belles <\/em>(\u00c0 Juliette<em>) Va vite tuer les deux araign\u00e9es de la chambre \u00e0 coucher. Je ne veux pas qu\u2019elles me survivent. Non, ne les tue pas. Elles ont peut-\u00eatre quelque chose de moi\u2026il est mort le pot-au-feu\u2026disparu de l\u2019univers. Il n\u2019y a jamais eu de pot-au-feu.\u00a0<\/em><\/p>\n\n\n\n<p><em>Le Garde, <\/em>annon\u00e7ant                                                                                                                                    <em>Pot-au-feu d\u00e9fendu sur l\u2019ensemble du territoire.\u201d<\/em><\/p>\n\n\n\n<p><strong>L<mark style=\"background-color:rgba(0, 0, 0, 0)\" class=\"has-inline-color has-luminous-vivid-amber-color\">.<\/mark> P<mark style=\"background-color:rgba(0, 0, 0, 0)\" class=\"has-inline-color has-luminous-vivid-amber-color\">.<\/mark><\/strong><\/p>\n\n\n\n<p><\/p>\n","protected":false},"excerpt":{"rendered":"<p>La voleuse de livres. \u00c9crit par Markus Zusak. Environ 640 pages, \u00e0 retrouver au CDI Des millions de gens sont<\/p>\n","protected":false},"author":1,"featured_media":0,"comment_status":"open","ping_status":"open","sticky":false,"template":"","format":"standard","meta":{"footnotes":""},"categories":[5,6,1],"tags":[],"class_list":["post-1093","post","type-post","status-publish","format-standard","hentry","category-journal","category-lycee","category-non-classe"],"views":2,"_links":{"self":[{"href":"https:\/\/lepap.eu\/index.php?rest_route=\/wp\/v2\/posts\/1093","targetHints":{"allow":["GET"]}}],"collection":[{"href":"https:\/\/lepap.eu\/index.php?rest_route=\/wp\/v2\/posts"}],"about":[{"href":"https:\/\/lepap.eu\/index.php?rest_route=\/wp\/v2\/types\/post"}],"author":[{"embeddable":true,"href":"https:\/\/lepap.eu\/index.php?rest_route=\/wp\/v2\/users\/1"}],"replies":[{"embeddable":true,"href":"https:\/\/lepap.eu\/index.php?rest_route=%2Fwp%2Fv2%2Fcomments&post=1093"}],"version-history":[{"count":2,"href":"https:\/\/lepap.eu\/index.php?rest_route=\/wp\/v2\/posts\/1093\/revisions"}],"predecessor-version":[{"id":1095,"href":"https:\/\/lepap.eu\/index.php?rest_route=\/wp\/v2\/posts\/1093\/revisions\/1095"}],"wp:attachment":[{"href":"https:\/\/lepap.eu\/index.php?rest_route=%2Fwp%2Fv2%2Fmedia&parent=1093"}],"wp:term":[{"taxonomy":"category","embeddable":true,"href":"https:\/\/lepap.eu\/index.php?rest_route=%2Fwp%2Fv2%2Fcategories&post=1093"},{"taxonomy":"post_tag","embeddable":true,"href":"https:\/\/lepap.eu\/index.php?rest_route=%2Fwp%2Fv2%2Ftags&post=1093"}],"curies":[{"name":"wp","href":"https:\/\/api.w.org\/{rel}","templated":true}]}}