{"id":1113,"date":"2026-04-27T10:21:00","date_gmt":"2026-04-27T08:21:00","guid":{"rendered":"https:\/\/lepap.eu\/?p=1113"},"modified":"2026-04-26T21:23:32","modified_gmt":"2026-04-26T19:23:32","slug":"cross-departemental-a-gujan-mestras","status":"publish","type":"post","link":"https:\/\/lepap.eu\/?p=1113","title":{"rendered":"Cross d\u00e9partemental \u00e0 Gujan Mestras\u00a0"},"content":{"rendered":"\n<p>Le vendredi 28 novembre, 14 \u00e9l\u00e8ves du lyc\u00e9e se sont rendus dans le froid malgr\u00e9 un grand soleil sur les terres du grand cross du sud ouest \u00e0 Gujan Mestras pour disputer le cross UNSS (Union Nationale du Sport Scolaire) d\u00e9partemental.&nbsp;<\/p>\n\n\n\n<p>Les cadettes et juniores parcouraient 3,4 km tandis que les cadets couraient sur 4,2 km. Les juniors avaient la distance la plus longue de 5,2km.&nbsp;<\/p>\n\n\n\n<p>Aucun podium malheureusement pour les coureuses et coureurs du lyc\u00e9e mais de belles places 3 cadets se placent dans le top 20 de la course : Louis MARQUOT (13\u00e8me), Zakariya ELOMARI (15\u00e8me) et R\u00e9mi MOULIN (19\u00e8me).<\/p>\n\n\n\n<p>Chez les gar\u00e7ons\u00a0juniors, Pierre FURET finit 19\u00e8me. Tandis que chez les filles juniores, Lise BAYON-DEROCHE termine la course en 6\u00e8me position.<\/p>\n\n\n\n<p>F\u00e9licitations \u00e0 toutes les coureuses et tous les coureurs pour leur participation.&nbsp;&nbsp;<\/p>\n\n\n\n<p>Cette r\u00e9gularit\u00e9 ne leur permet pas d\u2019atteindre un podium par \u00e9quipe mais, une qualification aux championnats acad\u00e9miques le mercredi 10 d\u00e9cembre 2025. N\u2019h\u00e9sitez pas \u00e0 suivre leurs aventures !<\/p>\n\n\n\n<p><strong>L<mark style=\"background-color:rgba(0, 0, 0, 0)\" class=\"has-inline-color has-luminous-vivid-amber-color\">.<\/mark> B<mark style=\"background-color:rgba(0, 0, 0, 0)\" class=\"has-inline-color has-luminous-vivid-amber-color\">.<\/mark>-D<mark style=\"background-color:rgba(0, 0, 0, 0)\" class=\"has-inline-color has-luminous-vivid-amber-color\">.<\/mark><\/strong><\/p>\n\n\n\n<p><\/p>\n","protected":false},"excerpt":{"rendered":"<p>Le vendredi 28 novembre, 14 \u00e9l\u00e8ves du lyc\u00e9e se sont rendus dans le froid malgr\u00e9 un grand soleil sur les<\/p>\n","protected":false},"author":1,"featured_media":834,"comment_status":"open","ping_status":"open","sticky":false,"template":"","format":"standard","meta":{"footnotes":""},"categories":[1],"tags":[],"class_list":["post-1113","post","type-post","status-publish","format-standard","has-post-thumbnail","hentry","category-non-classe"],"views":3,"_links":{"self":[{"href":"https:\/\/lepap.eu\/index.php?rest_route=\/wp\/v2\/posts\/1113","targetHints":{"allow":["GET"]}}],"collection":[{"href":"https:\/\/lepap.eu\/index.php?rest_route=\/wp\/v2\/posts"}],"about":[{"href":"https:\/\/lepap.eu\/index.php?rest_route=\/wp\/v2\/types\/post"}],"author":[{"embeddable":true,"href":"https:\/\/lepap.eu\/index.php?rest_route=\/wp\/v2\/users\/1"}],"replies":[{"embeddable":true,"href":"https:\/\/lepap.eu\/index.php?rest_route=%2Fwp%2Fv2%2Fcomments&post=1113"}],"version-history":[{"count":3,"href":"https:\/\/lepap.eu\/index.php?rest_route=\/wp\/v2\/posts\/1113\/revisions"}],"predecessor-version":[{"id":1116,"href":"https:\/\/lepap.eu\/index.php?rest_route=\/wp\/v2\/posts\/1113\/revisions\/1116"}],"wp:featuredmedia":[{"embeddable":true,"href":"https:\/\/lepap.eu\/index.php?rest_route=\/wp\/v2\/media\/834"}],"wp:attachment":[{"href":"https:\/\/lepap.eu\/index.php?rest_route=%2Fwp%2Fv2%2Fmedia&parent=1113"}],"wp:term":[{"taxonomy":"category","embeddable":true,"href":"https:\/\/lepap.eu\/index.php?rest_route=%2Fwp%2Fv2%2Fcategories&post=1113"},{"taxonomy":"post_tag","embeddable":true,"href":"https:\/\/lepap.eu\/index.php?rest_route=%2Fwp%2Fv2%2Ftags&post=1113"}],"curies":[{"name":"wp","href":"https:\/\/api.w.org\/{rel}","templated":true}]}}